


{"id":6409,"date":"2019-04-25T10:40:48","date_gmt":"2019-04-25T08:40:48","guid":{"rendered":"https:\/\/www.careplus.eu\/uncategorized-de\/aufmerksamkeit-zu-welt-malaria-tag\/"},"modified":"2023-06-06T09:38:23","modified_gmt":"2023-06-06T07:38:23","slug":"aufmerksamkeit-zu-welt-malaria-tag","status":"publish","type":"post","link":"https:\/\/www.careplus.eu\/de\/blog\/aufmerksamkeit-zu-welt-malaria-tag\/","title":{"rendered":"Aufmerksamkeit zu Welt-Malaria-Tag"},"content":{"rendered":"<p>[et_pb_section fb_built=&#8220;1&#8243; _builder_version=&#8220;4.16&#8243; global_colors_info=&#8220;{}&#8220;][et_pb_row column_structure=&#8220;2_3,1_3&#8243; _builder_version=&#8220;4.16&#8243; background_size=&#8220;initial&#8220; background_position=&#8220;top_left&#8220; background_repeat=&#8220;repeat&#8220; global_colors_info=&#8220;{}&#8220;][et_pb_column type=&#8220;2_3&#8243; _builder_version=&#8220;4.16&#8243; custom_padding=&#8220;|||&#8220; global_colors_info=&#8220;{}&#8220; custom_padding__hover=&#8220;|||&#8220;][et_pb_text _builder_version=&#8220;4.21.0&#8243; header_2_font=&#8220;|800|||||||&#8220; hover_enabled=&#8220;0&#8243; global_colors_info=&#8220;{}&#8220; sticky_enabled=&#8220;0&#8243;]<\/p>\n<p><strong><br \/>\nAm Donnerstag, den 25. April, ist Welt-Malaria-Tag. An diesem Tag gedenken wir der t\u00f6dlichen Krankheit, die jedes Jahr mehr als 214 Millionen Opfer macht under mehr als 430.000 Menschen t\u00f6tet. Noch immer sterben rund 430.000 Menschen daran, die meisten davon sind Kinder. Die Krankheit fordert j\u00e4hrlich rund 288.660 Kinderleben im Alter von unter 5 Jahren. Das muss aufh\u00f6ren! Bei Care Plus<span style=\"font-size: 10px;\"><sup>\u00ae<\/sup><\/span> setzen wir uns f\u00fcr eine malariafreie Welt im Jahr 2030 ein. Wirst du uns dabei helfen?<\/strong><\/p>\n<p>[\/et_pb_text][\/et_pb_column][et_pb_column type=&#8220;1_3&#8243; _builder_version=&#8220;4.16&#8243; custom_padding=&#8220;|||&#8220; global_colors_info=&#8220;{}&#8220; custom_padding__hover=&#8220;|||&#8220;][et_pb_divider show_divider=&#8220;off&#8220; _builder_version=&#8220;4.16&#8243; global_colors_info=&#8220;{}&#8220;][\/et_pb_divider][et_pb_image src=&#8220;https:\/\/www.careplus.eu\/wp-content\/uploads\/2019\/04\/veldonderzoek-malaria-kenia-1.jpg&#8220; align_tablet=&#8220;center&#8220; align_phone=&#8220;&#8220; align_last_edited=&#8220;on|desktop&#8220; _builder_version=&#8220;4.16&#8243; border_radii=&#8220;on|10px|10px|10px|10px&#8220; global_colors_info=&#8220;{}&#8220;][\/et_pb_image][\/et_pb_column][\/et_pb_row][et_pb_row _builder_version=&#8220;4.16&#8243; background_size=&#8220;initial&#8220; background_position=&#8220;top_left&#8220; background_repeat=&#8220;repeat&#8220; global_colors_info=&#8220;{}&#8220;][et_pb_column type=&#8220;4_4&#8243; _builder_version=&#8220;4.16&#8243; custom_padding=&#8220;|||&#8220; global_colors_info=&#8220;{}&#8220; custom_padding__hover=&#8220;|||&#8220;][et_pb_text _builder_version=&#8220;4.16&#8243; header_2_font=&#8220;|800|||||||&#8220; global_colors_info=&#8220;{}&#8220;]<\/p>\n<h3><strong>Was ist Malaria?<\/strong><\/h3>\n<p>Malaria ist eine schwere Infektionskrankheit, die durch den Stich einer infizierten M\u00fccke verursacht wird. Man unterscheidet vier Formen von Malaria. Die gef\u00e4hrlichste Form ist Malaria tropica, sie kann ohne Behandlung innerhalb weniger Wochen t\u00f6dlich verlaufen. Hier sind einige Fakten \u00fcber Malaria:<\/p>\n<p>\u2022 Alle 60 Sekunden stirbt ein Kind an Malaria.<br \/>\u2022 430.000 Malaria-Tote pro Jahr. <br \/>\u2022 Kommt in (sub-)tropischen Gebieten vor, haupts\u00e4chlich in afrikanischen L\u00e4ndern. <br \/>\u2022 In einer Reihe von Bereichen hat der Parasit eine Resistenz gegen Malariamedikamente entwickelt. <br \/>\u2022 Malaria tritt in 109 L\u00e4ndern auf. <br \/>\u2022 Es gibt keinen Impfstoff, aber pr\u00e4ventive Tabletten sind erh\u00e4ltlich.<\/p>\n<p>Bis jetzt kennen wir die Krankheit in den Niederlanden nur als &#8222;Importkrankheit&#8220; aufgrund des Personenverkehrs zwischen den Niederlanden und den (Sub-)Tropen. Bei den herrschenden Wetterbedingungen w\u00fcrde die M\u00fccke hier nicht \u00fcberleben. Es hat sich jedoch gezeigt, dass es aufgrund der Klimaver\u00e4nderungen in Europa f\u00fcr Moskitos immer leichter wird, zu \u00fcberleben und Krankheiten mit sich zu bringen. Die betreffende M\u00fccke ist in den Gebieten rund um das Mittelmeer besonders \u00fcberlebensf\u00e4hig. Lies <a href=\"https:\/\/www.careplus.eu\/nl\/blog\/muggenplaag-op-komst-door-het-warme-weer\/\">hier<\/a> mehr \u00fcber durch Moskitos \u00fcbertragene Infektionskrankheiten in Europa.<\/p>\n<p>[\/et_pb_text][\/et_pb_column][\/et_pb_row][et_pb_row _builder_version=&#8220;4.16&#8243; background_size=&#8220;initial&#8220; background_position=&#8220;top_left&#8220; background_repeat=&#8220;repeat&#8220; global_colors_info=&#8220;{}&#8220;][et_pb_column type=&#8220;4_4&#8243; _builder_version=&#8220;4.16&#8243; custom_padding=&#8220;|||&#8220; global_colors_info=&#8220;{}&#8220; custom_padding__hover=&#8220;|||&#8220;][et_pb_text _builder_version=&#8220;4.16&#8243; header_2_font=&#8220;|800|||||||&#8220; global_colors_info=&#8220;{}&#8220;]<\/p>\n<h3><strong>Gut gesch\u00fctzt unterwegs<\/strong><\/h3>\n<p>Reist du in ein Land mit Malariarisiko? Sorge f\u00fcr einen guten Schutz! Das Risiko, an Malaria zu erkranken, kann bereits durch die Einnahme von Malaria-Pillen reduziert werden. Aber Pillen bieten keinen vollst\u00e4ndigen Schutz!<\/p>\n<p>Dar\u00fcber hinaus sind das Tragen von hautbedeckender Kleidung und die Verwendung von <a href=\"https:\/\/www.careplus.eu\/de\/mucken-und-zecken\/schutzen\/moskitonetze\/\">Moskitonetzen<\/a> und <a href=\"https:\/\/www.careplus.eu\/de\/mucken-und-zecken\/schutzen\/anti-insekt-deet\/\">Insektenschutzmitteln<\/a> auch gute Wege, um das Infektionsrisiko zu reduzieren.<\/p>\n<p>Es gibt derzeit keinen wirksamen Malaria-Impfstoff. Du kannst jedoch auf Anraten eines Arztes vorbeugende Tabletten erhalten, wenn du in ein Malariagebiet reist. Zur Zeit sind drei verschiedene Pillen mit jeweils einem eigenen Wirkstoff erh\u00e4ltlich. Die Pillen sind nur ein pr\u00e4ventives Mittel, es besteht eine geringe Chance, dass du dir immer noch Malaria einfangen kannst. Dank der Tabletten dauert es jedoch l\u00e4nger, bis gef\u00e4hrliche Komplikationen auftreten und es bleibt mehr Zeit f\u00fcr eine gute Behandlung.<\/p>\n<p>Welche Art von Pillen dir verschrieben werden, h\u00e4ngt davon ab:<\/p>\n<ul>\n<li>Welches Malariagebiet du besuchst.<\/li>\n<li>Von der Aufenthaltsdauer.<\/li>\n<li>Von deinem Gesundheitszustand.<\/li>\n<li>Von allen anderen Medikamenten, die du einnimmst.<\/li>\n<\/ul>\n<p>Brauchst du mehr Informationen oder einen Termin? Gerne verweisen wir auf <a href=\"https:\/\/www.ggdreisvaccinaties.nl\/vaccinaties\/malaria-malariapillen\">GGD<\/a>.<\/p>\n<p>[\/et_pb_text][\/et_pb_column][\/et_pb_row][et_pb_row _builder_version=&#8220;4.16&#8243; background_size=&#8220;initial&#8220; background_position=&#8220;top_left&#8220; background_repeat=&#8220;repeat&#8220; global_colors_info=&#8220;{}&#8220;][et_pb_column type=&#8220;4_4&#8243; _builder_version=&#8220;4.16&#8243; custom_padding=&#8220;|||&#8220; global_colors_info=&#8220;{}&#8220; custom_padding__hover=&#8220;|||&#8220;][et_pb_text _builder_version=&#8220;4.16&#8243; header_2_font=&#8220;|800|||||||&#8220; global_colors_info=&#8220;{}&#8220;]<\/p>\n<h3><strong>Gro\u00dfer Test mit erstem Impfstoff<\/strong><\/h3>\n<p>Die Erforschung eines Malaria-Impfstoffs dauert an. Am vergangenen Dienstag begannen \u00c4rzte beispielsweise eine gro\u00dfe Studie in Malawi, um Kinder vor der t\u00f6dlichen Malariam\u00fccke zu sch\u00fctzen. 120.000 Kinder im Alter von bis zu zwei Jahren werden geimpft. Die Studie wird bis 2023 dauern und in den kommenden Wochen \u00e4hnliche Impfkampagnen in Ghana und Kenia durchf\u00fchren.<\/p>\n<p>(Quelle: <a href=\"https:\/\/www.nu.nl\/gezondheid\/5857788\/grote-test-met-eerste-vaccin-tegen-malaria-van-start-in-malawi.html\" target=\"_blank\" rel=\"noopener noreferrer\">nu.nl<\/a>)<\/p>\n<p>&nbsp;<\/p>\n<h3><strong>Malariafreie Welt im Jahr 2030<\/strong><\/h3>\n<p>F\u00fcr Care Plus<span style=\"font-size: 10px;\"><sup>\u00ae<\/sup><\/span> ist es wichtig, dass Reisende mit unseren Produkten sorgenfrei reisen k\u00f6nnen. Unser soziales Engagement geht jedoch noch weiter. Wir arbeiten an einer <a href=\"https:\/\/www.careplus.eu\/de\/uber-care-plus\/#malariavrije-wereld\">malariafreien<\/a><a href=\"https:\/\/www.careplus.eu\/de\/uber-care-plus\/#malariavrije-wereld\"> Welt im Jahr 2030<\/a>. Seit 1992 engagiert sich unsere Organisation mit Kopf und Herz f\u00fcr das Konzept von Reisen und Gesundheit.<\/p>\n<p>Wir spenden 1% unseres Jahresumsatzes f\u00fcr Projekte zur Bek\u00e4mpfung von Malaria. Mit dem Kauf eines Produktes von Care Plus<span style=\"font-size: 10px;\"><sup>\u00ae<\/sup><\/span> tr\u00e4gst du wirklich zu einer malariafreien Welt bei!<\/p>\n<p>Care Plus<span style=\"font-size: 10px;\"><sup>\u00ae<\/sup><\/span> unterst\u00fctzt auch eine bahnbrechende wissenschaftliche Studie des Labors der Universit\u00e4t Wageningen, die nach einer L\u00f6sung sucht, um die (Malaria-)M\u00fccke vom Menschen fernzuhalten. Eine Forschungsgruppe um Professor Takken hat Pheromone entwickelt, die Moskitos anziehen. Mit diesen Substanzen werden M\u00fcckenpopulationen in afrikanischen D\u00f6rfern angezogen und gefangen, so dass das Risiko eines Malariam\u00fcckenbisses reduziert wird und Malaria verschwindet.<\/p>\n<p>Um dem Reisenden in Malaria-Risikogebieten eine L\u00f6sung anbieten zu k\u00f6nnen, sind wir daran interessiert, Erfahrungen mit einer tragbaren Moskitofalle zu sammeln. Ein sch\u00f6nes Innovationsziel f\u00fcr uns und ein Schritt n\u00e4her an einer malariafreien Welt im Jahr 2030!\u00a0<\/p>\n<p>&nbsp;<\/p>\n<h3><strong>Wie du helfen kannst<\/strong><\/h3>\n<p>Auch du kannst auf vielf\u00e4ltige Weise zu einer malariafreien Welt beitragen! Wie? Sehr einfach:<\/p>\n<ul>\n<li>Drive Against Malaria ist vollst\u00e4ndig auf freiwillige Spenden angewiesen. Alle Zuwendungen sind \u00e4u\u00dferst wichtig, um alle Eins\u00e4tze zu erm\u00f6glichen. Unterst\u00fctze <a href=\"http:\/\/www.driveagainstmalaria.nl\" target=\"_blank\" rel=\"noopener noreferrer\">Drive Against Malaria<\/a> und spende einen beliebigen Beitrag.<\/li>\n<\/ul>\n<p>Wenn du einer anerkannten allgemeinn\u00fctzigen Einrichtung eine regelm\u00e4\u00dfige oder einmalige Spende gibst, ist dies absetzbar.\u00a0Das bedeutet, dass die Steuerbeh\u00f6rden 42% oder sogar 52% der Schenkung &#8222;zur\u00fcckerstatten&#8220;.\u00a0Die Steuerbeh\u00f6rden haben festgelegt, dass unsere Organisation gemeinn\u00fctzig ist.<\/p>\n<ul>\n<li>Wir spenden 1% unseres Jahresumsatzes f\u00fcr Projekte zur Bek\u00e4mpfung von Malaria. Mit dem Kauf eines Produktes von Care Plus<span style=\"font-size: 10px;\"><sup>\u00ae<\/sup><\/span> tr\u00e4gst du zu einer malariafreien Welt bei!<\/li>\n<\/ul>\n<p>&nbsp;<\/p>\n<ul>\n<li>Es gibt keine Entschuldigung, die folgenden drei Worte nicht laut auszusprechen: &#8222;Malaria muss sterben&#8220;. Mit nur drei Worten kannst du dazu beitragen, eine malariafreie Welt zu schaffen.\u00a0In Zusammenarbeit mit David Beckham wurde eine gro\u00dfe internationale Kampagne gestartet, in der deine Stimme im Kampf gegen Malaria buchst\u00e4blich z\u00e4hlt.\n<p>Sieh dir das Video unten an und informiere dich unter <a href=\"https:\/\/www.malariamustdie.com\/\" target=\"_blank\" rel=\"noopener noreferrer\">www.malariamustdie.com<\/a>.<\/p>\n<\/li>\n<\/ul>\n<p>[\/et_pb_text][et_pb_video src=&#8220;https:\/\/www.youtube.com\/watch?v=QiiSAvKJIHo&#8220; _builder_version=&#8220;4.16&#8243; max_width=&#8220;95%&#8220; module_alignment=&#8220;center&#8220; border_radii=&#8220;on|10px|10px|10px|10px&#8220; global_colors_info=&#8220;{}&#8220;][\/et_pb_video][\/et_pb_column][\/et_pb_row][\/et_pb_section][et_pb_section fb_built=&#8220;1&#8243; _builder_version=&#8220;4.16&#8243; background_color=&#8220;#f4f4f4&#8243; global_colors_info=&#8220;{}&#8220;][et_pb_row column_structure=&#8220;1_3,1_3,1_3&#8243; _builder_version=&#8220;4.16&#8243; global_colors_info=&#8220;{}&#8220;][et_pb_column type=&#8220;1_3&#8243; _builder_version=&#8220;4.16&#8243; custom_padding=&#8220;|||&#8220; global_colors_info=&#8220;{}&#8220; custom_padding__hover=&#8220;|||&#8220;][et_pb_image src=&#8220;https:\/\/www.careplus.eu\/wp-content\/uploads\/2020\/06\/careplus-anti-insect-natural-60ml-2.jpg&#8220; title_text=&#8220;careplus-anti-insect-natural-60ml-2&#8243; align_tablet=&#8220;center&#8220; align_phone=&#8220;&#8220; align_last_edited=&#8220;on|desktop&#8220; _builder_version=&#8220;4.16&#8243; border_radii=&#8220;on|10px|10px|10px|10px&#8220; global_colors_info=&#8220;{}&#8220;][\/et_pb_image][et_pb_text _builder_version=&#8220;4.16&#8243; global_colors_info=&#8220;{}&#8220;]<\/p>\n<h3>Anti-Insekt Natural<\/h3>\n<p>Basiert auf nat\u00fcrlichen Zitronen-Eukalyptusextrakten und enth\u00e4lt kein DEET. Natural ist f\u00fcr Kinder ab 3 Monaten geeignet. Es bietet bis zu 6 Stunden Schutz vor Stichen und Bissen von (Malaria-)Moskitos.<\/p>\n<p>[\/et_pb_text][et_pb_button button_url=&#8220;https:\/\/www.careplus.eu\/de\/mucken-und-zecken\/schutzen\/anti-insekt-natural\/&#8220; button_text=&#8220;Mehr Infos&#8220; button_alignment=&#8220;center&#8220; _builder_version=&#8220;4.16&#8243; background_layout=&#8220;dark&#8220; global_colors_info=&#8220;{}&#8220;][\/et_pb_button][\/et_pb_column][et_pb_column type=&#8220;1_3&#8243; _builder_version=&#8220;4.16&#8243; custom_padding=&#8220;|||&#8220; global_colors_info=&#8220;{}&#8220; custom_padding__hover=&#8220;|||&#8220;][et_pb_image src=&#8220;https:\/\/www.careplus.eu\/wp-content\/uploads\/2019\/03\/careplus-klamboe-bell-2-personen.jpg&#8220; align_tablet=&#8220;center&#8220; align_phone=&#8220;&#8220; align_last_edited=&#8220;on|desktop&#8220; _builder_version=&#8220;4.16&#8243; border_radii=&#8220;on|10px|10px|10px|10px&#8220; global_colors_info=&#8220;{}&#8220;][\/et_pb_image][et_pb_text _builder_version=&#8220;4.16&#8243; global_colors_info=&#8220;{}&#8220;]<\/p>\n<h3>Reise-Moskitonetze<\/h3>\n<p>Mit einem Moskitonetz oder M\u00fcckennetz kannst du Moskitos, Insekten und anderes Ungeziefer in Schach halten, damit du ungest\u00f6rt schlafen kannst.<\/p>\n<p>[\/et_pb_text][et_pb_button button_url=&#8220;https:\/\/www.careplus.eu\/de\/mucken-und-zecken\/schutzen\/moskitonetze\/&#8220; button_text=&#8220;Mehr Infos&#8220; button_alignment=&#8220;center&#8220; _builder_version=&#8220;4.16&#8243; background_layout=&#8220;dark&#8220; global_colors_info=&#8220;{}&#8220;][\/et_pb_button][\/et_pb_column][et_pb_column type=&#8220;1_3&#8243; _builder_version=&#8220;4.16&#8243; custom_padding=&#8220;|||&#8220; global_colors_info=&#8220;{}&#8220; custom_padding__hover=&#8220;|||&#8220;][et_pb_image src=&#8220;https:\/\/www.careplus.eu\/wp-content\/uploads\/2020\/06\/careplus-anti-insect-deet-60ml-1.jpg&#8220; title_text=&#8220;careplus-anti-insect-deet-60ml&#8220; align_tablet=&#8220;center&#8220; align_phone=&#8220;&#8220; align_last_edited=&#8220;on|desktop&#8220; _builder_version=&#8220;4.16&#8243; border_radii=&#8220;on|10px|10px|10px|10px&#8220; global_colors_info=&#8220;{}&#8220;][\/et_pb_image][et_pb_text _builder_version=&#8220;4.16&#8243; global_colors_info=&#8220;{}&#8220;]<\/p>\n<h3>Anti-Isekt mit DEET<\/h3>\n<p>Der Wirkstoff DEET wirkt gegen stechende Insekten und Zecken. DEET wirkt am effektivsten gegen (tropische) Moskitos und Zecken. Der Prozentsatz bestimmt die Dauer der Wirkung.<\/p>\n<p>[\/et_pb_text][et_pb_button button_url=&#8220;https:\/\/www.careplus.eu\/de\/mucken-und-zecken\/schutzen\/anti-insekt-deet\/&#8220; button_text=&#8220;Mehr Infos&#8220; button_alignment=&#8220;center&#8220; _builder_version=&#8220;4.16&#8243; background_layout=&#8220;dark&#8220; global_colors_info=&#8220;{}&#8220;][\/et_pb_button][\/et_pb_column][\/et_pb_row][\/et_pb_section]<\/p>\n","protected":false},"excerpt":{"rendered":"<p>Am Donnerstag, den 25. April, ist Welt-Malaria-Tag. An diesem Tag gedenken wir der t\u00f6dlichen Krankheit, die jedes Jahr mehr als 214 Millionen Opfer macht under mehr als 430.000 Menschen t\u00f6tet.<\/p>\n","protected":false},"author":37,"featured_media":8080,"comment_status":"closed","ping_status":"closed","sticky":false,"template":"","format":"standard","meta":{"_acf_changed":false,"_et_pb_use_builder":"on","_et_pb_old_content":"Zonlicht is goed voor ons en de meesten van ons vinden het fijn om een mooi bruin tintje te hebben, maar helaas is zonlicht niet zonder gevaren, de huid verbrandt snel. Te lang en te veel je huid bloot stellen aan (felle) zon veroorzaakt huidbeschadiging. Met Care Plus\u00ae zonbescherming producten voorkom je dat UV-A straling de huid oud maakt en UV-B vervelende zonnebrand veroorzaakt. Voorkom slapeloze nachten, pijnlijke huid en kans op blijvende beschadiging. Ook zonnebescherming voor kinderen en gevoelige huid en zonbeschermende kleding behoren tot het assortiment.","_et_gb_content_width":"","footnotes":""},"categories":[233],"tags":[1771,259,1769,256,260],"class_list":["post-6409","post","type-post","status-publish","format-standard","has-post-thumbnail","hentry","category-blog","tag-insektenstiche","tag-malaria-de","tag-muecken","tag-tropenkrankheit","tag-welt-malaria-tag"],"acf":[],"_links":{"self":[{"href":"https:\/\/www.careplus.eu\/de\/wp-json\/wp\/v2\/posts\/6409","targetHints":{"allow":["GET"]}}],"collection":[{"href":"https:\/\/www.careplus.eu\/de\/wp-json\/wp\/v2\/posts"}],"about":[{"href":"https:\/\/www.careplus.eu\/de\/wp-json\/wp\/v2\/types\/post"}],"author":[{"embeddable":true,"href":"https:\/\/www.careplus.eu\/de\/wp-json\/wp\/v2\/users\/37"}],"replies":[{"embeddable":true,"href":"https:\/\/www.careplus.eu\/de\/wp-json\/wp\/v2\/comments?post=6409"}],"version-history":[{"count":0,"href":"https:\/\/www.careplus.eu\/de\/wp-json\/wp\/v2\/posts\/6409\/revisions"}],"wp:featuredmedia":[{"embeddable":true,"href":"https:\/\/www.careplus.eu\/de\/wp-json\/wp\/v2\/media\/8080"}],"wp:attachment":[{"href":"https:\/\/www.careplus.eu\/de\/wp-json\/wp\/v2\/media?parent=6409"}],"wp:term":[{"taxonomy":"category","embeddable":true,"href":"https:\/\/www.careplus.eu\/de\/wp-json\/wp\/v2\/categories?post=6409"},{"taxonomy":"post_tag","embeddable":true,"href":"https:\/\/www.careplus.eu\/de\/wp-json\/wp\/v2\/tags?post=6409"}],"curies":[{"name":"wp","href":"https:\/\/api.w.org\/{rel}","templated":true}]}}